{"id":1082,"date":"2019-01-10T16:02:38","date_gmt":"2019-01-10T16:02:38","guid":{"rendered":"http:\/\/criva.pt\/web\/?p=1082"},"modified":"2019-07-15T15:43:43","modified_gmt":"2019-07-15T15:43:43","slug":"assembleia-geral-eleicoes","status":"publish","type":"post","link":"https:\/\/criva.pt\/web\/2019\/01\/10\/assembleia-geral-eleicoes\/","title":{"rendered":"Assembleia Geral &#8211; Elei\u00e7\u00f5es"},"content":{"rendered":"<p>Informam-se os s\u00f3cios do CRIVA com capacidade eleitoral que foi convocada a Assembleia Geral Eleitoral para o dia 14 de Dezembro, adas 10,00 \u00e0s 16,00 horas, na sede do CRIVA &#8211; Largo das D\u00e1lias lote 52 Cave VALE DA AMOREIRA.<\/p>\n<p>O prazo para apresenta\u00e7\u00e3o de listas concorrentes decorre at\u00e9 6 de Dezembro at\u00e9 \u00e0 hora do fecho dos servi\u00e7os administrativos.<\/p>\n<p>O Presidente da Mesa da Assembleia Geral Carlos Jos\u00e9 Duarte Henriques.<\/p>\n","protected":false},"excerpt":{"rendered":"<p>Informam-se os s\u00f3cios do CRIVA com capacidade eleitoral que foi convocada a Assembleia Geral Eleitoral para o dia 14 de Dezembro, adas 10,00 \u00e0s 16,00 horas, na sede do CRIVA &#8211; Largo das D\u00e1lias lote 52 Cave VALE DA AMOREIRA. O prazo para apresenta\u00e7\u00e3o de listas concorrentes decorre at\u00e9 6 de Dezembro at\u00e9 \u00e0 hora do fecho dos servi\u00e7os administrativos. O Presidente da Mesa da Assembleia Geral Carlos Jos\u00e9 Duarte &#8230; <\/p>\n<p class=\"read-more-container\"><a title=\"Assembleia Geral &#8211; Elei\u00e7\u00f5es\" class=\"read-more button\" href=\"https:\/\/criva.pt\/web\/2019\/01\/10\/assembleia-geral-eleicoes\/#more-1082\" aria-label=\"Leia mais sobre Assembleia Geral &#8211; Elei\u00e7\u00f5es\">Ler mais<\/a><\/p>\n","protected":false},"author":1,"featured_media":0,"comment_status":"closed","ping_status":"open","sticky":false,"template":"","format":"standard","meta":{"footnotes":""},"categories":[1],"tags":[],"class_list":["post-1082","post","type-post","status-publish","format-standard","hentry","category-criva","generate-columns","tablet-grid-50","mobile-grid-100","grid-parent","grid-50"],"_links":{"self":[{"href":"https:\/\/criva.pt\/web\/wp-json\/wp\/v2\/posts\/1082","targetHints":{"allow":["GET"]}}],"collection":[{"href":"https:\/\/criva.pt\/web\/wp-json\/wp\/v2\/posts"}],"about":[{"href":"https:\/\/criva.pt\/web\/wp-json\/wp\/v2\/types\/post"}],"author":[{"embeddable":true,"href":"https:\/\/criva.pt\/web\/wp-json\/wp\/v2\/users\/1"}],"replies":[{"embeddable":true,"href":"https:\/\/criva.pt\/web\/wp-json\/wp\/v2\/comments?post=1082"}],"version-history":[{"count":1,"href":"https:\/\/criva.pt\/web\/wp-json\/wp\/v2\/posts\/1082\/revisions"}],"predecessor-version":[{"id":1083,"href":"https:\/\/criva.pt\/web\/wp-json\/wp\/v2\/posts\/1082\/revisions\/1083"}],"wp:attachment":[{"href":"https:\/\/criva.pt\/web\/wp-json\/wp\/v2\/media?parent=1082"}],"wp:term":[{"taxonomy":"category","embeddable":true,"href":"https:\/\/criva.pt\/web\/wp-json\/wp\/v2\/categories?post=1082"},{"taxonomy":"post_tag","embeddable":true,"href":"https:\/\/criva.pt\/web\/wp-json\/wp\/v2\/tags?post=1082"}],"curies":[{"name":"wp","href":"https:\/\/api.w.org\/{rel}","templated":true}]}}