{"id":1287,"date":"2019-07-22T10:08:40","date_gmt":"2019-07-22T10:08:40","guid":{"rendered":"http:\/\/criva.pt\/web\/?p=1287"},"modified":"2019-10-23T09:38:47","modified_gmt":"2019-10-23T09:38:47","slug":"dia-do-socio-no-criva","status":"publish","type":"post","link":"https:\/\/criva.pt\/web\/2019\/07\/22\/dia-do-socio-no-criva\/","title":{"rendered":"Dia do S\u00f3cio no CRIVA"},"content":{"rendered":"<p>O Dia do S\u00f3cio no CRIVA decorreu no passado dia 6 de Julho na sede do CRIVA, entre as 14h30 e as 20 horas e o tema foi alusivo \u00e0s \u201cMarchas Populares\u201d, foi uma festa memor\u00e1vel, cheia de anima\u00e7\u00e3o e surpresas.<\/p>\n<p><!--more--><\/p>\n<p>As v\u00e1rias val\u00eancias do CRIVA estiveram representadas apresentado o trabalho desenvolvido, o CATL teve a presen\u00e7a da sua mascote o \u201cVI\u201d, o Protocolo de Rendimento Social de Inser\u00e7\u00e3o com a Loja Social e apresenta\u00e7\u00e3o do seu trabalho, o Centro de Dia teve uma aula de motricidade e o Centro de Conv\u00edvio esteve presente com a banca de artesanato.<\/p>\n<p>Foram divulgadas um conjunto de iniciativas que o CRIVA promove para os associados, os grupos de Centro de Conv\u00edvio tiveram tamb\u00e9m espa\u00e7o para a demonstra\u00e7\u00e3o das suas atividades, tivemos rastreios gratuitos, foi proporcionada uma tarde rica, agrad\u00e1vel e cheia de surpresas para associados e sua fam\u00edlia.<\/p>\n<p>Record\u00e1mos ainda a import\u00e2ncia de participa\u00e7\u00e3o ativa na vida da associa\u00e7\u00e3o e no Centro de Conv\u00edvio, os rastreios gratuitos que lhe iremos proporcionar e que outras atividades ao longo do ano e em especial lhe s\u00e3o disponibilizadas.<\/p>\n<p>Nas atua\u00e7\u00f5es de palco tivemos o Grupo de Coral do CRIVA, o Grupo de Dan\u00e7a Unisem, Baile e um grande Desfile de Marchas no Largo dos Cravos, toda a comunidade teve oportunidade de assistir a este momento, foram convidadas algumas marchas que gentilmente aceitaram o nosso desafio e embelezaram o Vale da Amoreira, estiveram presentes a Marcha do Centro Integrado de Apoio \u00e1 Pessoa com Defici\u00eancia \u2013 Funda\u00e7\u00e3o COI, a Marcha Infantil da Uni\u00e3o Banheirense, a Marcha do Bairro da Liberdade \u2013 Sto Ant\u00f3nio da Charneca e a Marcha da Uni\u00e3o Banheirense.<\/p>\n<p>A grande SURPRESA deste evento foi a MARCHA DO CRIVA que saiu \u00e0 rua, e estava realmente LINDA, a roupa foi produzida durante as aulas de costura do grupo de Centro de Conv\u00edvio, por todas as alunas do grupo e orientado pela colaboradora Teresa Vaz, algumas delas foram tamb\u00e9m as Marchantes orgulhosas e envaidecidas do seu grandioso trabalho. A ensaiadora do grupo foi a Dra. Gra\u00e7a Vida colaboradora do Protocolo RSI do CRIVA.<\/p>\n<p><img loading=\"lazy\" decoding=\"async\" class=\"alignnone size-large wp-image-1295\" src=\"http:\/\/criva.pt\/web\/wp-content\/uploads\/2019\/07\/Dia_Socio_01-1-1024x526.jpg\" alt=\"\" width=\"1024\" height=\"526\" srcset=\"https:\/\/criva.pt\/web\/wp-content\/uploads\/2019\/07\/Dia_Socio_01-1-1024x526.jpg 1024w, https:\/\/criva.pt\/web\/wp-content\/uploads\/2019\/07\/Dia_Socio_01-1-300x154.jpg 300w, https:\/\/criva.pt\/web\/wp-content\/uploads\/2019\/07\/Dia_Socio_01-1-768x395.jpg 768w, https:\/\/criva.pt\/web\/wp-content\/uploads\/2019\/07\/Dia_Socio_01-1.jpg 1208w\" sizes=\"auto, (max-width: 1024px) 100vw, 1024px\" \/> <img loading=\"lazy\" decoding=\"async\" class=\"alignnone size-large wp-image-1293\" src=\"http:\/\/criva.pt\/web\/wp-content\/uploads\/2019\/07\/Dia_Socio_06-1024x576.jpg\" alt=\"\" width=\"1024\" height=\"576\" srcset=\"https:\/\/criva.pt\/web\/wp-content\/uploads\/2019\/07\/Dia_Socio_06-1024x576.jpg 1024w, https:\/\/criva.pt\/web\/wp-content\/uploads\/2019\/07\/Dia_Socio_06-300x169.jpg 300w, https:\/\/criva.pt\/web\/wp-content\/uploads\/2019\/07\/Dia_Socio_06-768x432.jpg 768w, https:\/\/criva.pt\/web\/wp-content\/uploads\/2019\/07\/Dia_Socio_06.jpg 1299w\" sizes=\"auto, (max-width: 1024px) 100vw, 1024px\" \/> <img loading=\"lazy\" decoding=\"async\" class=\"alignnone size-large wp-image-1292\" src=\"http:\/\/criva.pt\/web\/wp-content\/uploads\/2019\/07\/Dia_Socio_05-1024x576.jpg\" alt=\"\" width=\"1024\" height=\"576\" srcset=\"https:\/\/criva.pt\/web\/wp-content\/uploads\/2019\/07\/Dia_Socio_05-1024x576.jpg 1024w, https:\/\/criva.pt\/web\/wp-content\/uploads\/2019\/07\/Dia_Socio_05-300x169.jpg 300w, https:\/\/criva.pt\/web\/wp-content\/uploads\/2019\/07\/Dia_Socio_05-768x432.jpg 768w, https:\/\/criva.pt\/web\/wp-content\/uploads\/2019\/07\/Dia_Socio_05.jpg 1299w\" sizes=\"auto, (max-width: 1024px) 100vw, 1024px\" \/> <img loading=\"lazy\" decoding=\"async\" class=\"alignnone size-large wp-image-1290\" src=\"http:\/\/criva.pt\/web\/wp-content\/uploads\/2019\/07\/Dia_Socio_03-1024x576.jpg\" alt=\"\" width=\"1024\" height=\"576\" srcset=\"https:\/\/criva.pt\/web\/wp-content\/uploads\/2019\/07\/Dia_Socio_03-1024x576.jpg 1024w, https:\/\/criva.pt\/web\/wp-content\/uploads\/2019\/07\/Dia_Socio_03-300x169.jpg 300w, https:\/\/criva.pt\/web\/wp-content\/uploads\/2019\/07\/Dia_Socio_03-768x432.jpg 768w, https:\/\/criva.pt\/web\/wp-content\/uploads\/2019\/07\/Dia_Socio_03.jpg 1299w\" sizes=\"auto, (max-width: 1024px) 100vw, 1024px\" \/> <img loading=\"lazy\" decoding=\"async\" class=\"alignnone size-large wp-image-1291\" src=\"http:\/\/criva.pt\/web\/wp-content\/uploads\/2019\/07\/Dia_Socio_04-1024x576.jpg\" alt=\"\" width=\"1024\" height=\"576\" srcset=\"https:\/\/criva.pt\/web\/wp-content\/uploads\/2019\/07\/Dia_Socio_04-1024x576.jpg 1024w, https:\/\/criva.pt\/web\/wp-content\/uploads\/2019\/07\/Dia_Socio_04-300x169.jpg 300w, https:\/\/criva.pt\/web\/wp-content\/uploads\/2019\/07\/Dia_Socio_04-768x432.jpg 768w, https:\/\/criva.pt\/web\/wp-content\/uploads\/2019\/07\/Dia_Socio_04.jpg 1299w\" sizes=\"auto, (max-width: 1024px) 100vw, 1024px\" \/> <img loading=\"lazy\" decoding=\"async\" class=\"alignnone size-large wp-image-1289\" src=\"http:\/\/criva.pt\/web\/wp-content\/uploads\/2019\/07\/Dia_Socio_02-1024x576.jpg\" alt=\"\" width=\"1024\" height=\"576\" srcset=\"https:\/\/criva.pt\/web\/wp-content\/uploads\/2019\/07\/Dia_Socio_02-1024x576.jpg 1024w, https:\/\/criva.pt\/web\/wp-content\/uploads\/2019\/07\/Dia_Socio_02-300x169.jpg 300w, https:\/\/criva.pt\/web\/wp-content\/uploads\/2019\/07\/Dia_Socio_02-768x432.jpg 768w, https:\/\/criva.pt\/web\/wp-content\/uploads\/2019\/07\/Dia_Socio_02.jpg 1440w\" sizes=\"auto, (max-width: 1024px) 100vw, 1024px\" \/><\/p>\n","protected":false},"excerpt":{"rendered":"<p>O Dia do S\u00f3cio no CRIVA decorreu no passado dia 6 de Julho na sede do CRIVA, entre as 14h30 e as 20 horas e o tema foi alusivo \u00e0s \u201cMarchas Populares\u201d, foi uma festa memor\u00e1vel, cheia de anima\u00e7\u00e3o e surpresas.<\/p>\n","protected":false},"author":1,"featured_media":2169,"comment_status":"closed","ping_status":"closed","sticky":false,"template":"","format":"standard","meta":{"footnotes":""},"categories":[1],"tags":[],"class_list":["post-1287","post","type-post","status-publish","format-standard","has-post-thumbnail","hentry","category-criva","generate-columns","tablet-grid-50","mobile-grid-100","grid-parent","grid-50"],"_links":{"self":[{"href":"https:\/\/criva.pt\/web\/wp-json\/wp\/v2\/posts\/1287","targetHints":{"allow":["GET"]}}],"collection":[{"href":"https:\/\/criva.pt\/web\/wp-json\/wp\/v2\/posts"}],"about":[{"href":"https:\/\/criva.pt\/web\/wp-json\/wp\/v2\/types\/post"}],"author":[{"embeddable":true,"href":"https:\/\/criva.pt\/web\/wp-json\/wp\/v2\/users\/1"}],"replies":[{"embeddable":true,"href":"https:\/\/criva.pt\/web\/wp-json\/wp\/v2\/comments?post=1287"}],"version-history":[{"count":5,"href":"https:\/\/criva.pt\/web\/wp-json\/wp\/v2\/posts\/1287\/revisions"}],"predecessor-version":[{"id":2170,"href":"https:\/\/criva.pt\/web\/wp-json\/wp\/v2\/posts\/1287\/revisions\/2170"}],"wp:featuredmedia":[{"embeddable":true,"href":"https:\/\/criva.pt\/web\/wp-json\/wp\/v2\/media\/2169"}],"wp:attachment":[{"href":"https:\/\/criva.pt\/web\/wp-json\/wp\/v2\/media?parent=1287"}],"wp:term":[{"taxonomy":"category","embeddable":true,"href":"https:\/\/criva.pt\/web\/wp-json\/wp\/v2\/categories?post=1287"},{"taxonomy":"post_tag","embeddable":true,"href":"https:\/\/criva.pt\/web\/wp-json\/wp\/v2\/tags?post=1287"}],"curies":[{"name":"wp","href":"https:\/\/api.w.org\/{rel}","templated":true}]}}