{"id":1306,"date":"2019-07-22T10:28:14","date_gmt":"2019-07-22T10:28:14","guid":{"rendered":"http:\/\/criva.pt\/web\/?p=1306"},"modified":"2019-10-24T15:03:36","modified_gmt":"2019-10-24T15:03:36","slug":"dia-do-voluntariado-montepio","status":"publish","type":"post","link":"https:\/\/criva.pt\/web\/2019\/07\/22\/dia-do-voluntariado-montepio\/","title":{"rendered":"Dia do Voluntariado Montepio"},"content":{"rendered":"\n<p>O CRIVA desenvolveu uma candidatura para ser alvo do dia do voluntariado do Montepio e foi seleccionada.<\/p>\n<p>No dia 24\/05\/2019 o CRIVA recebeu o Dia do Voluntariado Montepio 24\/05\/2019, e assim\u00a0\u201c Vamos Valorizar a Comunidade do Vale da Amoreira\u201d.<br \/><!--more--><\/p>\n<p>Nesta candidatura o CRIVA elaborou um projeto de interven\u00e7\u00e3o social onde o grupo Montepio colaborou comvolunt\u00e1rios seus, da comunidade e do CRIVA, nas diversas atividades propostas.<\/p>\n<p>V\u00e1rias a\u00e7\u00f5es de voluntariado a acontecer em simult\u00e2neo: Workshop de cozinha (Prepara\u00e7\u00e3o do coffee break e \u00a0almo\u00e7o) no Multiservi\u00e7os\/CATL, literacia financeira no espa\u00e7o da Junta de Freguesia, recupera\u00e7\u00e3o de\u00a0 espa\u00e7os e pequenos arranjos e jardinagem, na sede do CRIVA e atividades na horta pedag\u00f3gica (constru\u00e7\u00e3o de mais 2 hot\u00e9is de insetos), no parque horticola do Vale da Amoreira.<\/p>\n<p>Foram \u00a0estabelecidas v\u00e1rias parcerias que nos apoiaram com material e recursos humanos,\u00a0 entre as quais com a Uni\u00e3o de Freguesias Vale da Amoreira e Baixa da Banheira, a Junta de Freguesia de Alhos Vedros, a escola Secund\u00e1ria da Baixa da Banheira, a empresa Bar\u00e3o e Costa, o Chefe de Cozinha Pedro Sousa respons\u00e1vel de cozinha no Restaurante \u201cSenhor Lisboa\u201d e o Chefe de Sala Pedro Gavinhos do Restaurante \u201cCompanhia do Largo\u201d.<br \/>A quem desde j\u00e1 publicamente agradecemos<\/p>\n","protected":false},"excerpt":{"rendered":"<p>O CRIVA desenvolveu uma candidatura para ser alvo do dia do voluntariado do Montepio e foi seleccionada. No dia 24\/05\/2019 o CRIVA recebeu o Dia do Voluntariado Montepio 24\/05\/2019, e assim\u00a0\u201c Vamos Valorizar a Comunidade do Vale da Amoreira\u201d.<\/p>\n","protected":false},"author":1,"featured_media":2165,"comment_status":"closed","ping_status":"closed","sticky":false,"template":"","format":"standard","meta":{"footnotes":""},"categories":[1],"tags":[],"class_list":["post-1306","post","type-post","status-publish","format-standard","has-post-thumbnail","hentry","category-criva","generate-columns","tablet-grid-50","mobile-grid-100","grid-parent","grid-50"],"_links":{"self":[{"href":"https:\/\/criva.pt\/web\/wp-json\/wp\/v2\/posts\/1306","targetHints":{"allow":["GET"]}}],"collection":[{"href":"https:\/\/criva.pt\/web\/wp-json\/wp\/v2\/posts"}],"about":[{"href":"https:\/\/criva.pt\/web\/wp-json\/wp\/v2\/types\/post"}],"author":[{"embeddable":true,"href":"https:\/\/criva.pt\/web\/wp-json\/wp\/v2\/users\/1"}],"replies":[{"embeddable":true,"href":"https:\/\/criva.pt\/web\/wp-json\/wp\/v2\/comments?post=1306"}],"version-history":[{"count":11,"href":"https:\/\/criva.pt\/web\/wp-json\/wp\/v2\/posts\/1306\/revisions"}],"predecessor-version":[{"id":2432,"href":"https:\/\/criva.pt\/web\/wp-json\/wp\/v2\/posts\/1306\/revisions\/2432"}],"wp:featuredmedia":[{"embeddable":true,"href":"https:\/\/criva.pt\/web\/wp-json\/wp\/v2\/media\/2165"}],"wp:attachment":[{"href":"https:\/\/criva.pt\/web\/wp-json\/wp\/v2\/media?parent=1306"}],"wp:term":[{"taxonomy":"category","embeddable":true,"href":"https:\/\/criva.pt\/web\/wp-json\/wp\/v2\/categories?post=1306"},{"taxonomy":"post_tag","embeddable":true,"href":"https:\/\/criva.pt\/web\/wp-json\/wp\/v2\/tags?post=1306"}],"curies":[{"name":"wp","href":"https:\/\/api.w.org\/{rel}","templated":true}]}}