{"id":1320,"date":"2019-07-22T10:41:45","date_gmt":"2019-07-22T10:41:45","guid":{"rendered":"http:\/\/criva.pt\/web\/?p=1320"},"modified":"2019-10-23T10:04:14","modified_gmt":"2019-10-23T10:04:14","slug":"festival-escolhas-costa-da-caparica","status":"publish","type":"post","link":"https:\/\/criva.pt\/web\/2019\/07\/22\/festival-escolhas-costa-da-caparica\/","title":{"rendered":"Festival Escolhas Costa da Caparica"},"content":{"rendered":"<p>A Costa da Caparica acolheu, de 5 a 7 de julho, o Festival Escolhas que este ano contou com diversas atividades incluindo apresenta\u00e7\u00f5es de projetos, m\u00fasica, workshops, open talks, e atividades desportivas e ambientais na Praia de S\u00e3o Jo\u00e3o.<\/p>\n<p><!--more--><\/p>\n<p>O grupo de dan\u00e7a V.A Dance Crew representou o projeto escolhas V.A.2835 do Vale da Amoreira.<\/p>\n","protected":false},"excerpt":{"rendered":"<p>A Costa da Caparica acolheu, de 5 a 7 de julho, o Festival Escolhas que este ano contou com diversas atividades incluindo apresenta\u00e7\u00f5es de projetos, m\u00fasica, workshops, open talks, e atividades desportivas e ambientais na Praia de S\u00e3o Jo\u00e3o.<\/p>\n","protected":false},"author":1,"featured_media":2164,"comment_status":"closed","ping_status":"closed","sticky":false,"template":"","format":"standard","meta":{"footnotes":""},"categories":[1],"tags":[],"class_list":["post-1320","post","type-post","status-publish","format-standard","has-post-thumbnail","hentry","category-criva","generate-columns","tablet-grid-50","mobile-grid-100","grid-parent","grid-50"],"_links":{"self":[{"href":"https:\/\/criva.pt\/web\/wp-json\/wp\/v2\/posts\/1320","targetHints":{"allow":["GET"]}}],"collection":[{"href":"https:\/\/criva.pt\/web\/wp-json\/wp\/v2\/posts"}],"about":[{"href":"https:\/\/criva.pt\/web\/wp-json\/wp\/v2\/types\/post"}],"author":[{"embeddable":true,"href":"https:\/\/criva.pt\/web\/wp-json\/wp\/v2\/users\/1"}],"replies":[{"embeddable":true,"href":"https:\/\/criva.pt\/web\/wp-json\/wp\/v2\/comments?post=1320"}],"version-history":[{"count":4,"href":"https:\/\/criva.pt\/web\/wp-json\/wp\/v2\/posts\/1320\/revisions"}],"predecessor-version":[{"id":2177,"href":"https:\/\/criva.pt\/web\/wp-json\/wp\/v2\/posts\/1320\/revisions\/2177"}],"wp:featuredmedia":[{"embeddable":true,"href":"https:\/\/criva.pt\/web\/wp-json\/wp\/v2\/media\/2164"}],"wp:attachment":[{"href":"https:\/\/criva.pt\/web\/wp-json\/wp\/v2\/media?parent=1320"}],"wp:term":[{"taxonomy":"category","embeddable":true,"href":"https:\/\/criva.pt\/web\/wp-json\/wp\/v2\/categories?post=1320"},{"taxonomy":"post_tag","embeddable":true,"href":"https:\/\/criva.pt\/web\/wp-json\/wp\/v2\/tags?post=1320"}],"curies":[{"name":"wp","href":"https:\/\/api.w.org\/{rel}","templated":true}]}}