{"id":1323,"date":"2019-07-22T10:43:15","date_gmt":"2019-07-22T10:43:15","guid":{"rendered":"http:\/\/criva.pt\/web\/?p=1323"},"modified":"2019-10-23T10:20:24","modified_gmt":"2019-10-23T10:20:24","slug":"festival-da-liberdade-santiago-do-cacem","status":"publish","type":"post","link":"https:\/\/criva.pt\/web\/2019\/07\/22\/festival-da-liberdade-santiago-do-cacem\/","title":{"rendered":"Festival da Liberdade"},"content":{"rendered":"<p>A edi\u00e7\u00e3o deste ano do Festival da Liberdade teve lugar nos dias 28, 29 e 30 do m\u00eas junho, em Santiago do Cac\u00e9m, no Centro Equestre de Santo Andr\u00e9.<\/p>\n<p>O grupo de dan\u00e7a do Projeto Escolhas V.A.2835, V.A Dance Crew, marcou presen\u00e7a na Tenda da Juventude, onde atrav\u00e9s do seu ritmo africano e urbano contagiou o p\u00fablico com a sua energia positiva.<\/p>\n\n","protected":false},"excerpt":{"rendered":"<p>A edi\u00e7\u00e3o deste ano do Festival da Liberdade teve lugar nos dias 28, 29 e 30 do m\u00eas junho, em Santiago do Cac\u00e9m, no Centro Equestre de Santo Andr\u00e9. O grupo de dan\u00e7a do Projeto Escolhas V.A.2835, V.A Dance Crew, marcou presen\u00e7a na Tenda da Juventude, onde atrav\u00e9s do seu ritmo africano e urbano contagiou o p\u00fablico com a sua energia positiva.<\/p>\n","protected":false},"author":1,"featured_media":2159,"comment_status":"closed","ping_status":"closed","sticky":false,"template":"","format":"standard","meta":{"footnotes":""},"categories":[1],"tags":[],"class_list":["post-1323","post","type-post","status-publish","format-standard","has-post-thumbnail","hentry","category-criva","generate-columns","tablet-grid-50","mobile-grid-100","grid-parent","grid-50"],"_links":{"self":[{"href":"https:\/\/criva.pt\/web\/wp-json\/wp\/v2\/posts\/1323","targetHints":{"allow":["GET"]}}],"collection":[{"href":"https:\/\/criva.pt\/web\/wp-json\/wp\/v2\/posts"}],"about":[{"href":"https:\/\/criva.pt\/web\/wp-json\/wp\/v2\/types\/post"}],"author":[{"embeddable":true,"href":"https:\/\/criva.pt\/web\/wp-json\/wp\/v2\/users\/1"}],"replies":[{"embeddable":true,"href":"https:\/\/criva.pt\/web\/wp-json\/wp\/v2\/comments?post=1323"}],"version-history":[{"count":4,"href":"https:\/\/criva.pt\/web\/wp-json\/wp\/v2\/posts\/1323\/revisions"}],"predecessor-version":[{"id":2186,"href":"https:\/\/criva.pt\/web\/wp-json\/wp\/v2\/posts\/1323\/revisions\/2186"}],"wp:featuredmedia":[{"embeddable":true,"href":"https:\/\/criva.pt\/web\/wp-json\/wp\/v2\/media\/2159"}],"wp:attachment":[{"href":"https:\/\/criva.pt\/web\/wp-json\/wp\/v2\/media?parent=1323"}],"wp:term":[{"taxonomy":"category","embeddable":true,"href":"https:\/\/criva.pt\/web\/wp-json\/wp\/v2\/categories?post=1323"},{"taxonomy":"post_tag","embeddable":true,"href":"https:\/\/criva.pt\/web\/wp-json\/wp\/v2\/tags?post=1323"}],"curies":[{"name":"wp","href":"https:\/\/api.w.org\/{rel}","templated":true}]}}