{"id":1326,"date":"2019-07-22T10:44:31","date_gmt":"2019-07-22T10:44:31","guid":{"rendered":"http:\/\/criva.pt\/web\/?p=1326"},"modified":"2019-10-23T10:42:04","modified_gmt":"2019-10-23T10:42:04","slug":"vi-edicao-da-feira-da-saude-baixa-da-banheira","status":"publish","type":"post","link":"https:\/\/criva.pt\/web\/2019\/07\/22\/vi-edicao-da-feira-da-saude-baixa-da-banheira\/","title":{"rendered":"VI edi\u00e7\u00e3o da Feira da Sa\u00fade BXB"},"content":{"rendered":"\n<p>O Parque Jos\u00e9 Afonso, na Baixa da Banheira, recebeu, no dia 7 de junho, a VI edi\u00e7\u00e3o da Feira da Sa\u00fade. Anima\u00e7\u00e3o, workshops, terapias alternativas, rastreios e unidades m\u00f3veis e mostra gastron\u00f3mica saud\u00e1vel fizeram parte do programa.<\/p>\n<p>O grupo de teatro G7, apresentou a sua mais recente pe\u00e7a de teatro, \u201cA Cadeira\u201d, cujo objetivo foi cultivar a reflec\u00e7\u00e3o sobre escolhas na vida.<\/p>\n","protected":false},"excerpt":{"rendered":"<p>O Parque Jos\u00e9 Afonso, na Baixa da Banheira, recebeu, no dia 7 de junho, a VI edi\u00e7\u00e3o da Feira da Sa\u00fade. Anima\u00e7\u00e3o, workshops, terapias alternativas, rastreios e unidades m\u00f3veis e mostra gastron\u00f3mica saud\u00e1vel fizeram parte do programa. O grupo de teatro G7, apresentou a sua mais recente pe\u00e7a de teatro, \u201cA Cadeira\u201d, cujo objetivo foi cultivar a reflec\u00e7\u00e3o sobre escolhas na vida.<\/p>\n","protected":false},"author":1,"featured_media":2162,"comment_status":"closed","ping_status":"closed","sticky":false,"template":"","format":"standard","meta":{"footnotes":""},"categories":[1],"tags":[],"class_list":["post-1326","post","type-post","status-publish","format-standard","has-post-thumbnail","hentry","category-criva","generate-columns","tablet-grid-50","mobile-grid-100","grid-parent","grid-50"],"_links":{"self":[{"href":"https:\/\/criva.pt\/web\/wp-json\/wp\/v2\/posts\/1326","targetHints":{"allow":["GET"]}}],"collection":[{"href":"https:\/\/criva.pt\/web\/wp-json\/wp\/v2\/posts"}],"about":[{"href":"https:\/\/criva.pt\/web\/wp-json\/wp\/v2\/types\/post"}],"author":[{"embeddable":true,"href":"https:\/\/criva.pt\/web\/wp-json\/wp\/v2\/users\/1"}],"replies":[{"embeddable":true,"href":"https:\/\/criva.pt\/web\/wp-json\/wp\/v2\/comments?post=1326"}],"version-history":[{"count":8,"href":"https:\/\/criva.pt\/web\/wp-json\/wp\/v2\/posts\/1326\/revisions"}],"predecessor-version":[{"id":2291,"href":"https:\/\/criva.pt\/web\/wp-json\/wp\/v2\/posts\/1326\/revisions\/2291"}],"wp:featuredmedia":[{"embeddable":true,"href":"https:\/\/criva.pt\/web\/wp-json\/wp\/v2\/media\/2162"}],"wp:attachment":[{"href":"https:\/\/criva.pt\/web\/wp-json\/wp\/v2\/media?parent=1326"}],"wp:term":[{"taxonomy":"category","embeddable":true,"href":"https:\/\/criva.pt\/web\/wp-json\/wp\/v2\/categories?post=1326"},{"taxonomy":"post_tag","embeddable":true,"href":"https:\/\/criva.pt\/web\/wp-json\/wp\/v2\/tags?post=1326"}],"curies":[{"name":"wp","href":"https:\/\/api.w.org\/{rel}","templated":true}]}}