{"id":2292,"date":"2019-10-23T12:04:55","date_gmt":"2019-10-23T12:04:55","guid":{"rendered":"http:\/\/criva.pt\/web\/?p=2292"},"modified":"2019-10-24T15:02:38","modified_gmt":"2019-10-24T15:02:38","slug":"criva-anima-o-centro-da-cidade-do-barreiro-e-poe-idosos-a-passar-modelos","status":"publish","type":"post","link":"https:\/\/criva.pt\/web\/2019\/10\/23\/criva-anima-o-centro-da-cidade-do-barreiro-e-poe-idosos-a-passar-modelos\/","title":{"rendered":"CRIVA anima o centro da Cidade do Barreiro e p\u00f5e idosos a passar Modelos"},"content":{"rendered":"<p>Preparem-se os Barreirenses, para participarem e assistirem a um dia no Forum Barreiro\u00a0 muito diferente! \u201d Envelhecer Est\u00e1 na Moda Um Projeto Para Todas as Idades\u201d, \u00e9\u00a0 uma forma diferente de promover\u00a0 o envelhecimento ativo e a intergeracionalidade.<br \/>\n<span id=\"gmail-more-2292\"><\/span><!--more--><br \/>\n\u00c9 tamb\u00e9m uma forma diferente\u00a0 de assinalar mais de 40 anos do CRIVA ao Servi\u00e7o da Solidariedade Social, num contexto de muita anima\u00e7\u00e3o, sess\u00f5es de informa\u00e7\u00e3o e sensibiliza\u00e7\u00e3o, workshops,\u00a0 exposi\u00e7\u00f5es em bancas tem\u00e1ticas que v\u00e3o decorrer ao longo de todo o dia 25\/10\/2019 entre as 10h e as 22h, que v\u00e3o culminar numa passagem de modelos, onde os modelos s\u00e3o utentes das respostas sociais do CRIVA.<br \/>\nDestaca-se\u00a0 a import\u00e2ncia deste evento no cora\u00e7\u00e3o da Cidade do Barreiro, pela sua dimens\u00e3o social e cultural e pela forma como os temas s\u00e3o tratados onde as palavras chave s\u00e3o: envelhecimento saud\u00e1vel e qualidade de vida;\u00a0intergeracionalidade; multiculturalidade;\u00a0 reutiliza\u00e7\u00e3o e\u00a0 reaproveitamentos; anima\u00e7\u00e3o e alegria.<br \/>\nDestacamos neste evento a import\u00e2ncia das parcerias j\u00e1 constitu\u00eddas, sem as quais este projeto n\u00e3o seria poss\u00edvel. Desde logo com o apoio da administra\u00e7\u00e3o do F\u00f3rum Barreiro, Camara Municipal do Barreiro, Uni\u00e3o de Freguesias Barreiro e Lavradio, Uni\u00e3o das freguesias de Alto do Seixalinho, Santo Andr\u00e9 e Verderena, ag\u00eancia de viagens Emo\u00e7\u00f5es e Prestigio \u2013 Corporate Travel Agency, R\u00e1dio Popular FM,\u00a0 Rtp \u00c1frica, Opticalia de Santa Maria, Douglas, Pingo Doce F\u00f3rum do Barreiro, Recheio,\u00a0 Farm\u00e1cia Parreira,\u00a0 Bernina Portugal.<\/p>\n<p>No Dia\u00a0 18 pelas 15.00h inaugura-se a primeira exposi\u00e7\u00e3o alusiva ao tema do envelhecimento e destacamos ainda\u00a0 as participa\u00e7\u00f5es especiais de:<\/p>\n<p>Karen Porfiro \u2013 Modelo Internacional- 1\u00aa madrinha do CRIVA<\/p>\n<p>Susana Rold\u00e3o \u2013 Apresentadora da Popular FM<\/p>\n<p>Dr. Manuel Pinto Coelho \u2013 A\u00e7\u00e3o de Sensibiliza\u00e7\u00e3o \u2013 Palestrante com o tema &#8220;Envelhecer Sem Ficar Velho&#8221;<\/p>\n<p>Waldemar Bastos \u2013 Conceituado m\u00fasico e compositor internacionalmente galardoado.<\/p>\n<p><a href=\"http:\/\/criva.pt\/web\/wp-content\/uploads\/2019\/10\/Edi\u00e7\u00e3o-247-2-jORNAL-O-SETUBALENSE-arrastados-1.png\"><img loading=\"lazy\" decoding=\"async\" class=\"alignnone size-large wp-image-2294\" src=\"http:\/\/criva.pt\/web\/wp-content\/uploads\/2019\/10\/Edi\u00e7\u00e3o-247-2-jORNAL-O-SETUBALENSE-arrastados-1-803x1024.png\" alt=\"\" width=\"803\" height=\"1024\" srcset=\"https:\/\/criva.pt\/web\/wp-content\/uploads\/2019\/10\/Edi\u00e7\u00e3o-247-2-jORNAL-O-SETUBALENSE-arrastados-1-803x1024.png 803w, https:\/\/criva.pt\/web\/wp-content\/uploads\/2019\/10\/Edi\u00e7\u00e3o-247-2-jORNAL-O-SETUBALENSE-arrastados-1-235x300.png 235w, https:\/\/criva.pt\/web\/wp-content\/uploads\/2019\/10\/Edi\u00e7\u00e3o-247-2-jORNAL-O-SETUBALENSE-arrastados-1-768x980.png 768w\" sizes=\"auto, (max-width: 803px) 100vw, 803px\" \/><\/a><\/p>\n","protected":false},"excerpt":{"rendered":"<p>Preparem-se os Barreirenses, para participarem e assistirem a um dia no Forum Barreiro\u00a0 muito diferente! \u201d Envelhecer Est\u00e1 na Moda Um Projeto Para Todas as Idades\u201d, \u00e9\u00a0 uma forma diferente de promover\u00a0 o envelhecimento ativo e a intergeracionalidade.<\/p>\n","protected":false},"author":1,"featured_media":2304,"comment_status":"closed","ping_status":"closed","sticky":false,"template":"","format":"standard","meta":{"footnotes":""},"categories":[1],"tags":[],"class_list":["post-2292","post","type-post","status-publish","format-standard","has-post-thumbnail","hentry","category-criva","generate-columns","tablet-grid-50","mobile-grid-100","grid-parent","grid-50"],"_links":{"self":[{"href":"https:\/\/criva.pt\/web\/wp-json\/wp\/v2\/posts\/2292","targetHints":{"allow":["GET"]}}],"collection":[{"href":"https:\/\/criva.pt\/web\/wp-json\/wp\/v2\/posts"}],"about":[{"href":"https:\/\/criva.pt\/web\/wp-json\/wp\/v2\/types\/post"}],"author":[{"embeddable":true,"href":"https:\/\/criva.pt\/web\/wp-json\/wp\/v2\/users\/1"}],"replies":[{"embeddable":true,"href":"https:\/\/criva.pt\/web\/wp-json\/wp\/v2\/comments?post=2292"}],"version-history":[{"count":5,"href":"https:\/\/criva.pt\/web\/wp-json\/wp\/v2\/posts\/2292\/revisions"}],"predecessor-version":[{"id":2431,"href":"https:\/\/criva.pt\/web\/wp-json\/wp\/v2\/posts\/2292\/revisions\/2431"}],"wp:featuredmedia":[{"embeddable":true,"href":"https:\/\/criva.pt\/web\/wp-json\/wp\/v2\/media\/2304"}],"wp:attachment":[{"href":"https:\/\/criva.pt\/web\/wp-json\/wp\/v2\/media?parent=2292"}],"wp:term":[{"taxonomy":"category","embeddable":true,"href":"https:\/\/criva.pt\/web\/wp-json\/wp\/v2\/categories?post=2292"},{"taxonomy":"post_tag","embeddable":true,"href":"https:\/\/criva.pt\/web\/wp-json\/wp\/v2\/tags?post=2292"}],"curies":[{"name":"wp","href":"https:\/\/api.w.org\/{rel}","templated":true}]}}