{"id":3318,"date":"2021-06-11T11:18:14","date_gmt":"2021-06-11T11:18:14","guid":{"rendered":"https:\/\/criva.pt\/web\/?p=3318"},"modified":"2021-06-11T11:19:35","modified_gmt":"2021-06-11T11:19:35","slug":"no-vale-da-amoreira-o-criva-com-o-poapmc-em-acao-de-capacitacao","status":"publish","type":"post","link":"https:\/\/criva.pt\/web\/2021\/06\/11\/no-vale-da-amoreira-o-criva-com-o-poapmc-em-acao-de-capacitacao\/","title":{"rendered":"No Vale da Amoreira, o CRIVA com o POAPMC em a\u00e7\u00e3o de capacita\u00e7\u00e3o!"},"content":{"rendered":"<p>As a\u00e7\u00f5es de acompanhamento associadas \u00e0 opera\u00e7\u00e3o de distribui\u00e7\u00e3o de g\u00e9neros alimentares, s\u00e3o <strong>uma importante ferramenta<\/strong> que permite capacitar as fam\u00edlias e\/ou as pessoas mais carenciadas nas diferentes tem\u00e1ticas; <strong>Sele\u00e7\u00e3o dos G\u00e9neros Alimentares<\/strong>, <strong>Preven\u00e7\u00e3o do Desperd\u00edcio<\/strong> e na <strong>Otimiza\u00e7\u00e3o da Gest\u00e3o do Or\u00e7amento Familiar.<\/strong> No m\u00eas de abril e maio foram realizadas a\u00e7\u00f5es de esclarecimento e ou de sensibiliza\u00e7\u00e3o e informa\u00e7\u00e3o para os destinat\u00e1rios finais,<\/p>\n<p>atrav\u00e9s da realiza\u00e7\u00e3o de sess\u00f5es individuais e em pequenos grupos.<\/p>\n<p>A constitui\u00e7\u00e3o de parcerias tem sido fundamental para que estas a\u00e7\u00f5es sejam cada vez mais enriquecedoras.<\/p>\n<p><strong>Preven\u00e7\u00e3o do desperd\u00edcio<\/strong><\/p>\n<p><a href=\"https:\/\/criva.pt\/web\/wp-content\/uploads\/2021\/06\/CRIVA_POAPMC_01.png\"><img loading=\"lazy\" decoding=\"async\" class=\"alignnone wp-image-3319 size-large\" src=\"https:\/\/criva.pt\/web\/wp-content\/uploads\/2021\/06\/CRIVA_POAPMC_01-1024x771.png\" alt=\"\" width=\"1024\" height=\"771\" srcset=\"https:\/\/criva.pt\/web\/wp-content\/uploads\/2021\/06\/CRIVA_POAPMC_01-1024x771.png 1024w, https:\/\/criva.pt\/web\/wp-content\/uploads\/2021\/06\/CRIVA_POAPMC_01-300x226.png 300w, https:\/\/criva.pt\/web\/wp-content\/uploads\/2021\/06\/CRIVA_POAPMC_01-768x578.png 768w, https:\/\/criva.pt\/web\/wp-content\/uploads\/2021\/06\/CRIVA_POAPMC_01-1536x1156.png 1536w, https:\/\/criva.pt\/web\/wp-content\/uploads\/2021\/06\/CRIVA_POAPMC_01.png 1822w\" sizes=\"auto, (max-width: 1024px) 100vw, 1024px\" \/><\/a> <a href=\"https:\/\/criva.pt\/web\/wp-content\/uploads\/2021\/06\/CRIVA_POAPMC_02.png\"><img loading=\"lazy\" decoding=\"async\" class=\"alignnone wp-image-3320 size-full\" src=\"https:\/\/criva.pt\/web\/wp-content\/uploads\/2021\/06\/CRIVA_POAPMC_02.png\" alt=\"\" width=\"518\" height=\"410\" srcset=\"https:\/\/criva.pt\/web\/wp-content\/uploads\/2021\/06\/CRIVA_POAPMC_02.png 518w, https:\/\/criva.pt\/web\/wp-content\/uploads\/2021\/06\/CRIVA_POAPMC_02-300x237.png 300w\" sizes=\"auto, (max-width: 518px) 100vw, 518px\" \/><\/a><\/p>\n<p><strong>Otimiza\u00e7\u00e3o do Or\u00e7amento Familiar<\/strong><\/p>\n<p><a href=\"https:\/\/criva.pt\/web\/wp-content\/uploads\/2021\/06\/CRIVA_POAPMC_03.png\"><img loading=\"lazy\" decoding=\"async\" class=\"alignnone wp-image-3321\" src=\"https:\/\/criva.pt\/web\/wp-content\/uploads\/2021\/06\/CRIVA_POAPMC_03-699x1024.png\" alt=\"\" width=\"410\" height=\"600\" srcset=\"https:\/\/criva.pt\/web\/wp-content\/uploads\/2021\/06\/CRIVA_POAPMC_03-699x1024.png 699w, https:\/\/criva.pt\/web\/wp-content\/uploads\/2021\/06\/CRIVA_POAPMC_03-205x300.png 205w, https:\/\/criva.pt\/web\/wp-content\/uploads\/2021\/06\/CRIVA_POAPMC_03-768x1125.png 768w, https:\/\/criva.pt\/web\/wp-content\/uploads\/2021\/06\/CRIVA_POAPMC_03-1049x1536.png 1049w, https:\/\/criva.pt\/web\/wp-content\/uploads\/2021\/06\/CRIVA_POAPMC_03-1398x2048.png 1398w, https:\/\/criva.pt\/web\/wp-content\/uploads\/2021\/06\/CRIVA_POAPMC_03.png 1773w\" sizes=\"auto, (max-width: 410px) 100vw, 410px\" \/><\/a> <a href=\"https:\/\/criva.pt\/web\/wp-content\/uploads\/2021\/06\/CRIVA_POAPMC_04.png.jpg\"><img loading=\"lazy\" decoding=\"async\" class=\"alignnone wp-image-3322\" src=\"https:\/\/criva.pt\/web\/wp-content\/uploads\/2021\/06\/CRIVA_POAPMC_04.png.jpg\" alt=\"\" width=\"450\" height=\"600\" srcset=\"https:\/\/criva.pt\/web\/wp-content\/uploads\/2021\/06\/CRIVA_POAPMC_04.png.jpg 473w, https:\/\/criva.pt\/web\/wp-content\/uploads\/2021\/06\/CRIVA_POAPMC_04.png-225x300.jpg 225w\" sizes=\"auto, (max-width: 450px) 100vw, 450px\" \/><\/a> <a href=\"https:\/\/criva.pt\/web\/wp-content\/uploads\/2021\/06\/CRIVA_POAPMC_05.png.jpg\"><img loading=\"lazy\" decoding=\"async\" class=\"alignnone wp-image-3323\" src=\"https:\/\/criva.pt\/web\/wp-content\/uploads\/2021\/06\/CRIVA_POAPMC_05.png.jpg\" alt=\"\" width=\"436\" height=\"600\" srcset=\"https:\/\/criva.pt\/web\/wp-content\/uploads\/2021\/06\/CRIVA_POAPMC_05.png.jpg 564w, https:\/\/criva.pt\/web\/wp-content\/uploads\/2021\/06\/CRIVA_POAPMC_05.png-218x300.jpg 218w\" sizes=\"auto, (max-width: 436px) 100vw, 436px\" \/><\/a> <a href=\"https:\/\/criva.pt\/web\/wp-content\/uploads\/2021\/06\/CRIVA_POAPMC_06.png.jpg\"><img loading=\"lazy\" decoding=\"async\" class=\"alignnone wp-image-3324\" src=\"https:\/\/criva.pt\/web\/wp-content\/uploads\/2021\/06\/CRIVA_POAPMC_06.png.jpg\" alt=\"\" width=\"450\" height=\"600\" srcset=\"https:\/\/criva.pt\/web\/wp-content\/uploads\/2021\/06\/CRIVA_POAPMC_06.png.jpg 593w, https:\/\/criva.pt\/web\/wp-content\/uploads\/2021\/06\/CRIVA_POAPMC_06.png-225x300.jpg 225w\" sizes=\"auto, (max-width: 450px) 100vw, 450px\" \/><\/a><\/p>\n","protected":false},"excerpt":{"rendered":"<p>As a\u00e7\u00f5es de acompanhamento associadas \u00e0 opera\u00e7\u00e3o de distribui\u00e7\u00e3o de g\u00e9neros alimentares, s\u00e3o uma importante ferramenta que permite capacitar as fam\u00edlias e\/ou as pessoas mais carenciadas nas diferentes tem\u00e1ticas; Sele\u00e7\u00e3o dos G\u00e9neros Alimentares, Preven\u00e7\u00e3o do Desperd\u00edcio e na Otimiza\u00e7\u00e3o da Gest\u00e3o do Or\u00e7amento Familiar. No m\u00eas de abril e maio foram realizadas a\u00e7\u00f5es de esclarecimento e ou de sensibiliza\u00e7\u00e3o e informa\u00e7\u00e3o para os destinat\u00e1rios finais, atrav\u00e9s da realiza\u00e7\u00e3o de sess\u00f5es &#8230; <\/p>\n<p class=\"read-more-container\"><a title=\"No Vale da Amoreira, o CRIVA com o POAPMC em a\u00e7\u00e3o de capacita\u00e7\u00e3o!\" class=\"read-more button\" href=\"https:\/\/criva.pt\/web\/2021\/06\/11\/no-vale-da-amoreira-o-criva-com-o-poapmc-em-acao-de-capacitacao\/#more-3318\" aria-label=\"Leia mais sobre No Vale da Amoreira, o CRIVA com o POAPMC em a\u00e7\u00e3o de capacita\u00e7\u00e3o!\">Ler mais<\/a><\/p>\n","protected":false},"author":1,"featured_media":3319,"comment_status":"closed","ping_status":"closed","sticky":false,"template":"","format":"standard","meta":{"footnotes":""},"categories":[1],"tags":[],"class_list":["post-3318","post","type-post","status-publish","format-standard","has-post-thumbnail","hentry","category-criva","generate-columns","tablet-grid-50","mobile-grid-100","grid-parent","grid-50"],"_links":{"self":[{"href":"https:\/\/criva.pt\/web\/wp-json\/wp\/v2\/posts\/3318","targetHints":{"allow":["GET"]}}],"collection":[{"href":"https:\/\/criva.pt\/web\/wp-json\/wp\/v2\/posts"}],"about":[{"href":"https:\/\/criva.pt\/web\/wp-json\/wp\/v2\/types\/post"}],"author":[{"embeddable":true,"href":"https:\/\/criva.pt\/web\/wp-json\/wp\/v2\/users\/1"}],"replies":[{"embeddable":true,"href":"https:\/\/criva.pt\/web\/wp-json\/wp\/v2\/comments?post=3318"}],"version-history":[{"count":2,"href":"https:\/\/criva.pt\/web\/wp-json\/wp\/v2\/posts\/3318\/revisions"}],"predecessor-version":[{"id":3326,"href":"https:\/\/criva.pt\/web\/wp-json\/wp\/v2\/posts\/3318\/revisions\/3326"}],"wp:featuredmedia":[{"embeddable":true,"href":"https:\/\/criva.pt\/web\/wp-json\/wp\/v2\/media\/3319"}],"wp:attachment":[{"href":"https:\/\/criva.pt\/web\/wp-json\/wp\/v2\/media?parent=3318"}],"wp:term":[{"taxonomy":"category","embeddable":true,"href":"https:\/\/criva.pt\/web\/wp-json\/wp\/v2\/categories?post=3318"},{"taxonomy":"post_tag","embeddable":true,"href":"https:\/\/criva.pt\/web\/wp-json\/wp\/v2\/tags?post=3318"}],"curies":[{"name":"wp","href":"https:\/\/api.w.org\/{rel}","templated":true}]}}